{"id":7179,"date":"2018-12-02T13:06:09","date_gmt":"2018-12-02T16:06:09","guid":{"rendered":"https:\/\/ens9001-mza.infd.edu.ar\/sitio\/?p=7179"},"modified":"2018-12-02T13:06:09","modified_gmt":"2018-12-02T16:06:09","slug":"recibimos-en-nuestra-institucion-la-destacada-visita-de-saul-karsz","status":"publish","type":"post","link":"https:\/\/ens9001-infd.mendoza.edu.ar\/sitio\/recibimos-en-nuestra-institucion-la-destacada-visita-de-saul-karsz\/","title":{"rendered":"Recibimos en nuestra instituci\u00f3n la destacada visita de Sa\u00fcl Karsz."},"content":{"rendered":"<p style=\"text-align: center;\"><img decoding=\"async\" loading=\"lazy\" class=\"alignnone size-full wp-image-7180\" src=\"https:\/\/ens9001-infd.mendoza.edu.ar\/sitio\/wp-content\/uploads\/2018\/12\/saul.jpg\" alt=\"\" width=\"678\" height=\"960\" \/><\/p>\n<p>El pr\u00f3ximo 5 de Diciembre a las 17 hs, recibimos en nuestra instituci\u00f3n la destacada visita de Sa\u00fcl Karsz.<br \/>\nCon un extenso curr\u00edculum, se ha dedicado a pensar las pr\u00e1cticas sociales, en especial las pr\u00e1cticas de intervenci\u00f3n social en un amplio espectro que incluye intervenciones m\u00e9dico-sociales, psicol\u00f3gico-sociales, institucionales, docentes y del trabajo social. Desde hace m\u00e1s de dos d\u00e9cadas motoriza un dispositivo de an\u00e1lisis de las pr\u00e1cticas que ha denominado Cl\u00ednica Transdisciplinaria de Intervenci\u00f3n Social.<br \/>\nInvitamos a toda la comunidad a participar del conversatorio.<\/p>\n","protected":false},"excerpt":{"rendered":"<p>El pr\u00f3ximo 5 de Diciembre a las 17 hs, recibimos en nuestra instituci\u00f3n la destacada visita de Sa\u00fcl Karsz. Con un extenso curr\u00edculum, se ha dedicado a pensar las pr\u00e1cticas sociales, en especial las pr\u00e1cticas de intervenci\u00f3n social en un amplio espectro que incluye intervenciones m\u00e9dico-sociales, psicol\u00f3gico-sociales, institucionales, docentes y del trabajo social. Desde hace &#8230; <a title=\"Recibimos en nuestra instituci\u00f3n la destacada visita de Sa\u00fcl Karsz.\" class=\"read-more\" href=\"https:\/\/ens9001-infd.mendoza.edu.ar\/sitio\/recibimos-en-nuestra-institucion-la-destacada-visita-de-saul-karsz\/\" aria-label=\"More on Recibimos en nuestra instituci\u00f3n la destacada visita de Sa\u00fcl Karsz.\">[+]<\/a><\/p>\n","protected":false},"author":6806,"featured_media":0,"comment_status":"open","ping_status":"open","sticky":false,"template":"","format":"standard","meta":[],"categories":[1],"tags":[],"acf":[],"_links":{"self":[{"href":"https:\/\/ens9001-infd.mendoza.edu.ar\/sitio\/wp-json\/wp\/v2\/posts\/7179"}],"collection":[{"href":"https:\/\/ens9001-infd.mendoza.edu.ar\/sitio\/wp-json\/wp\/v2\/posts"}],"about":[{"href":"https:\/\/ens9001-infd.mendoza.edu.ar\/sitio\/wp-json\/wp\/v2\/types\/post"}],"author":[{"embeddable":true,"href":"https:\/\/ens9001-infd.mendoza.edu.ar\/sitio\/wp-json\/wp\/v2\/users\/6806"}],"replies":[{"embeddable":true,"href":"https:\/\/ens9001-infd.mendoza.edu.ar\/sitio\/wp-json\/wp\/v2\/comments?post=7179"}],"version-history":[{"count":1,"href":"https:\/\/ens9001-infd.mendoza.edu.ar\/sitio\/wp-json\/wp\/v2\/posts\/7179\/revisions"}],"predecessor-version":[{"id":7181,"href":"https:\/\/ens9001-infd.mendoza.edu.ar\/sitio\/wp-json\/wp\/v2\/posts\/7179\/revisions\/7181"}],"wp:attachment":[{"href":"https:\/\/ens9001-infd.mendoza.edu.ar\/sitio\/wp-json\/wp\/v2\/media?parent=7179"}],"wp:term":[{"taxonomy":"category","embeddable":true,"href":"https:\/\/ens9001-infd.mendoza.edu.ar\/sitio\/wp-json\/wp\/v2\/categories?post=7179"},{"taxonomy":"post_tag","embeddable":true,"href":"https:\/\/ens9001-infd.mendoza.edu.ar\/sitio\/wp-json\/wp\/v2\/tags?post=7179"}],"curies":[{"name":"wp","href":"https:\/\/api.w.org\/{rel}","templated":true}]}}