{"id":7138,"date":"2018-11-27T00:26:17","date_gmt":"2018-11-27T03:26:17","guid":{"rendered":"https:\/\/ens9001-mza.infd.edu.ar\/sitio\/?p=7138"},"modified":"2018-11-27T00:26:17","modified_gmt":"2018-11-27T03:26:17","slug":"biblioteca-prof-gisela-analia-casagrande-prestamos-receso-de-verano","status":"publish","type":"post","link":"https:\/\/ens9001-infd.mendoza.edu.ar\/sitio\/biblioteca-prof-gisela-analia-casagrande-prestamos-receso-de-verano\/","title":{"rendered":"Biblioteca \u201cProf. Gisela Anal\u00eda Casagrande\u201d: Pr\u00e9stamos receso de verano"},"content":{"rendered":"<p>Se informa que\u00a0<strong>desde el lunes 3 al viernes 21 de diciembre de 8 a 20 hs.\u00a0<\/strong>se realizar\u00e1n los\u00a0<strong>pr\u00e9stamos receso de verano.\u00a0<\/strong><\/p>\n<p><strong><img decoding=\"async\" loading=\"lazy\" src=\"https:\/\/outlook.live.com\/actions\/ei?u=http%3A%2F%2Fwww.colegiosantodomingodesilos.com%2Fweb%2Fwp-content%2Fuploads%2F2017%2F07%2Flibros-644x362.jpg&amp;d=2018-11-27T03%3A23%3A01.517Z\" width=\"160\" height=\"90\" border=\"0\" data-imagetype=\"External\" data-connectorsauthtoken=\"1\" data-imageproxyendpoint=\"\/actions\/ei\" data-imageproxyid=\"\" \/><\/strong><\/p>\n<p><strong>Requisitos:<\/strong><\/p>\n<p>-No adeudar libros ni estar sancionado al momento del pr\u00e9stamo.<br \/>\n-No se prestar\u00e1n ejemplares \u00fanicos, valiosos o deteriorados.<br \/>\n-Ser alumno\/docente socio de biblioteca y se entregar\u00e1n hasta tres ejemplares con un m\u00e1ximo de dos por materia.<br \/>\n-Devoluci\u00f3n seg\u00fan ejemplar, desde febrero de 2019.<\/p>\n","protected":false},"excerpt":{"rendered":"<p>Se informa que\u00a0desde el lunes 3 al viernes 21 de diciembre de 8 a 20 hs.\u00a0se realizar\u00e1n los\u00a0pr\u00e9stamos receso de verano.\u00a0 Requisitos: -No adeudar libros ni estar sancionado al momento del pr\u00e9stamo. -No se prestar\u00e1n ejemplares \u00fanicos, valiosos o deteriorados. -Ser alumno\/docente socio de biblioteca y se entregar\u00e1n hasta tres ejemplares con un m\u00e1ximo de &#8230; <a title=\"Biblioteca \u201cProf. Gisela Anal\u00eda Casagrande\u201d: Pr\u00e9stamos receso de verano\" class=\"read-more\" href=\"https:\/\/ens9001-infd.mendoza.edu.ar\/sitio\/biblioteca-prof-gisela-analia-casagrande-prestamos-receso-de-verano\/\" aria-label=\"More on Biblioteca \u201cProf. Gisela Anal\u00eda Casagrande\u201d: Pr\u00e9stamos receso de verano\">[+]<\/a><\/p>\n","protected":false},"author":6806,"featured_media":0,"comment_status":"open","ping_status":"open","sticky":false,"template":"","format":"standard","meta":[],"categories":[1],"tags":[],"acf":[],"_links":{"self":[{"href":"https:\/\/ens9001-infd.mendoza.edu.ar\/sitio\/wp-json\/wp\/v2\/posts\/7138"}],"collection":[{"href":"https:\/\/ens9001-infd.mendoza.edu.ar\/sitio\/wp-json\/wp\/v2\/posts"}],"about":[{"href":"https:\/\/ens9001-infd.mendoza.edu.ar\/sitio\/wp-json\/wp\/v2\/types\/post"}],"author":[{"embeddable":true,"href":"https:\/\/ens9001-infd.mendoza.edu.ar\/sitio\/wp-json\/wp\/v2\/users\/6806"}],"replies":[{"embeddable":true,"href":"https:\/\/ens9001-infd.mendoza.edu.ar\/sitio\/wp-json\/wp\/v2\/comments?post=7138"}],"version-history":[{"count":1,"href":"https:\/\/ens9001-infd.mendoza.edu.ar\/sitio\/wp-json\/wp\/v2\/posts\/7138\/revisions"}],"predecessor-version":[{"id":7139,"href":"https:\/\/ens9001-infd.mendoza.edu.ar\/sitio\/wp-json\/wp\/v2\/posts\/7138\/revisions\/7139"}],"wp:attachment":[{"href":"https:\/\/ens9001-infd.mendoza.edu.ar\/sitio\/wp-json\/wp\/v2\/media?parent=7138"}],"wp:term":[{"taxonomy":"category","embeddable":true,"href":"https:\/\/ens9001-infd.mendoza.edu.ar\/sitio\/wp-json\/wp\/v2\/categories?post=7138"},{"taxonomy":"post_tag","embeddable":true,"href":"https:\/\/ens9001-infd.mendoza.edu.ar\/sitio\/wp-json\/wp\/v2\/tags?post=7138"}],"curies":[{"name":"wp","href":"https:\/\/api.w.org\/{rel}","templated":true}]}}