{"id":7026,"date":"2018-11-15T12:23:54","date_gmt":"2018-11-15T15:23:54","guid":{"rendered":"https:\/\/ens9001-mza.infd.edu.ar\/sitio\/?p=7026"},"modified":"2018-11-15T12:23:54","modified_gmt":"2018-11-15T15:23:54","slug":"15-de-noviembre-dia-de-la-educacion-tecnica","status":"publish","type":"post","link":"https:\/\/ens9001-infd.mendoza.edu.ar\/sitio\/15-de-noviembre-dia-de-la-educacion-tecnica\/","title":{"rendered":"15 de noviembre: D\u00eda de la Educaci\u00f3n T\u00e9cnica"},"content":{"rendered":"<p style=\"text-align: center;\"><img decoding=\"async\" loading=\"lazy\" class=\"alignnone size-full wp-image-7027\" src=\"https:\/\/ens9001-infd.mendoza.edu.ar\/sitio\/wp-content\/uploads\/2018\/11\/tecnic2.jpg\" alt=\"\" width=\"640\" height=\"337\" \/><\/p>\n<p>&nbsp;<\/p>\n<p><em><strong>Esta fecha se estableci\u00f3 para conmemorar la creaci\u00f3n del Consejo Nacional de Educaci\u00f3n T\u00e9cnica (CONET).<\/strong><\/em><\/p>\n<p>Todos los 15 de noviembre se celebra el D\u00eda de la Educaci\u00f3n T\u00e9cnica, conmemorando la creaci\u00f3n del Consejo Nacional de Educaci\u00f3n T\u00e9cnica (CONET) en 1959.<\/p>\n<p>El objetivo de esta fecha es promover la importancia de la educaci\u00f3n t\u00e9cnica dentro de un pa\u00eds y su impacto en la econom\u00eda local.<\/p>\n<p>CONET rige la ense\u00f1anza de distintas especialidades tecnol\u00f3gicas y cient\u00edficas en numerosas escuelas de nuestro pa\u00eds, actualmente llamado Instituto Nacional de Educaci\u00f3n Tecnol\u00f3gica (INET).<\/p>\n<p>Lo que busca es mantener y elevar los est\u00e1ndares de calidad para que Argentina se pueda insertar r\u00e1pidamente en el mundo actual -altamente productivo y tecnol\u00f3gico- es necesario que su poblaci\u00f3n se capacite y se acerque cada vez m\u00e1s a las demandas socio-productivas nacionales e internacionales.<\/p>\n<p>&nbsp;<\/p>\n<p style=\"text-align: center;\"><em><strong>Feliz d\u00eda!<\/strong><\/em><\/p>\n<p>&nbsp;<\/p>\n<p>Fuente: misionesonline.net<\/p>\n","protected":false},"excerpt":{"rendered":"<p>&nbsp; Esta fecha se estableci\u00f3 para conmemorar la creaci\u00f3n del Consejo Nacional de Educaci\u00f3n T\u00e9cnica (CONET). Todos los 15 de noviembre se celebra el D\u00eda de la Educaci\u00f3n T\u00e9cnica, conmemorando la creaci\u00f3n del Consejo Nacional de Educaci\u00f3n T\u00e9cnica (CONET) en 1959. El objetivo de esta fecha es promover la importancia de la educaci\u00f3n t\u00e9cnica dentro &#8230; <a title=\"15 de noviembre: D\u00eda de la Educaci\u00f3n T\u00e9cnica\" class=\"read-more\" href=\"https:\/\/ens9001-infd.mendoza.edu.ar\/sitio\/15-de-noviembre-dia-de-la-educacion-tecnica\/\" aria-label=\"More on 15 de noviembre: D\u00eda de la Educaci\u00f3n T\u00e9cnica\">[+]<\/a><\/p>\n","protected":false},"author":6806,"featured_media":0,"comment_status":"open","ping_status":"open","sticky":false,"template":"","format":"standard","meta":[],"categories":[1],"tags":[],"acf":[],"_links":{"self":[{"href":"https:\/\/ens9001-infd.mendoza.edu.ar\/sitio\/wp-json\/wp\/v2\/posts\/7026"}],"collection":[{"href":"https:\/\/ens9001-infd.mendoza.edu.ar\/sitio\/wp-json\/wp\/v2\/posts"}],"about":[{"href":"https:\/\/ens9001-infd.mendoza.edu.ar\/sitio\/wp-json\/wp\/v2\/types\/post"}],"author":[{"embeddable":true,"href":"https:\/\/ens9001-infd.mendoza.edu.ar\/sitio\/wp-json\/wp\/v2\/users\/6806"}],"replies":[{"embeddable":true,"href":"https:\/\/ens9001-infd.mendoza.edu.ar\/sitio\/wp-json\/wp\/v2\/comments?post=7026"}],"version-history":[{"count":1,"href":"https:\/\/ens9001-infd.mendoza.edu.ar\/sitio\/wp-json\/wp\/v2\/posts\/7026\/revisions"}],"predecessor-version":[{"id":7028,"href":"https:\/\/ens9001-infd.mendoza.edu.ar\/sitio\/wp-json\/wp\/v2\/posts\/7026\/revisions\/7028"}],"wp:attachment":[{"href":"https:\/\/ens9001-infd.mendoza.edu.ar\/sitio\/wp-json\/wp\/v2\/media?parent=7026"}],"wp:term":[{"taxonomy":"category","embeddable":true,"href":"https:\/\/ens9001-infd.mendoza.edu.ar\/sitio\/wp-json\/wp\/v2\/categories?post=7026"},{"taxonomy":"post_tag","embeddable":true,"href":"https:\/\/ens9001-infd.mendoza.edu.ar\/sitio\/wp-json\/wp\/v2\/tags?post=7026"}],"curies":[{"name":"wp","href":"https:\/\/api.w.org\/{rel}","templated":true}]}}