{"id":7022,"date":"2018-11-14T18:16:07","date_gmt":"2018-11-14T21:16:07","guid":{"rendered":"https:\/\/ens9001-mza.infd.edu.ar\/sitio\/?p=7022"},"modified":"2018-11-14T18:16:07","modified_gmt":"2018-11-14T21:16:07","slug":"soberania-alimentaria-y-comercio-justo-fin-del-ciclo","status":"publish","type":"post","link":"https:\/\/ens9001-infd.mendoza.edu.ar\/sitio\/soberania-alimentaria-y-comercio-justo-fin-del-ciclo\/","title":{"rendered":"Soberan\u00eda alimentaria y Comercio justo. Fin del ciclo."},"content":{"rendered":"<p><img decoding=\"async\" loading=\"lazy\" class=\"alignnone size-full wp-image-7023\" src=\"https:\/\/ens9001-infd.mendoza.edu.ar\/sitio\/wp-content\/uploads\/2018\/11\/WhatsApp-Image-2018-11-14-at-17.29.13.jpeg\" alt=\"\" width=\"940\" height=\"788\" srcset=\"https:\/\/ens9001-infd.mendoza.edu.ar\/sitio\/wp-content\/uploads\/2018\/11\/WhatsApp-Image-2018-11-14-at-17.29.13.jpeg 940w, https:\/\/ens9001-infd.mendoza.edu.ar\/sitio\/wp-content\/uploads\/2018\/11\/WhatsApp-Image-2018-11-14-at-17.29.13-768x644.jpeg 768w\" sizes=\"(max-width: 940px) 100vw, 940px\" \/><\/p>\n<p>&nbsp;<\/p>\n<p>Habiendo finalizado el proceso de formaci\u00f3n e intercambio de experiencias con los estudiantes de IES-9001 queremos invitarlos a participar de la presentaci\u00f3n de proyectos finales de la materia Soberan\u00eda alimentaria y Comercio justo.<br \/>\nLxs alumnxs estar\u00e1n presentando stands tem\u00e1ticos de lo abordado en clases.<br \/>\n<a class=\"_58cn\" href=\"https:\/\/www.facebook.com\/hashtag\/derecho?source=feed_text&amp;__xts__%5B0%5D=68.ARAFa9Mwa3SkXkLC_AvuBrlLBEDINGy-duIq02Ji6ih3nawVZGgLLC94cRLbKXkNnLEmlkVubCgS6wPxY7DHPUb1WxECwGK7j-VWMcg3-Is_RhxcCRG2etrc8YP_0kxjoEsTQBfpgXGYbBWxaG7hM0R3Kx5FAVg8xE6uXUGg_LxdnwkDs9c9MdllvDbW9TWD71OFuDkN_N37Sp3j1G0nWJhXolqIxK5XEJcbnChlMnX_w_AL4Oz9o-mfW1uPMCDnfg4JOAIZ6laa_pJBvIu1SAr1SQP8GOQTgQtS-3T-7Gi_KldP4u6UwjNIFuttal5yBjwisv1wrP4TU64gr70sJ5f1Tp7B&amp;__tn__=%2ANK-R\" data-ft=\"{&quot;type&quot;:104,&quot;tn&quot;:&quot;*N&quot;}\"><span class=\"_5afx\"><span class=\"_58cl _5afz\" aria-label=\"hashtag\">#<\/span><span class=\"_58cm\">Derecho<\/span><\/span><\/a>\u00a0a la alimentaci\u00f3n<br \/>\n<a class=\"_58cn\" href=\"https:\/\/www.facebook.com\/hashtag\/soberan%C3%ADa?source=feed_text&amp;__xts__%5B0%5D=68.ARAFa9Mwa3SkXkLC_AvuBrlLBEDINGy-duIq02Ji6ih3nawVZGgLLC94cRLbKXkNnLEmlkVubCgS6wPxY7DHPUb1WxECwGK7j-VWMcg3-Is_RhxcCRG2etrc8YP_0kxjoEsTQBfpgXGYbBWxaG7hM0R3Kx5FAVg8xE6uXUGg_LxdnwkDs9c9MdllvDbW9TWD71OFuDkN_N37Sp3j1G0nWJhXolqIxK5XEJcbnChlMnX_w_AL4Oz9o-mfW1uPMCDnfg4JOAIZ6laa_pJBvIu1SAr1SQP8GOQTgQtS-3T-7Gi_KldP4u6UwjNIFuttal5yBjwisv1wrP4TU64gr70sJ5f1Tp7B&amp;__tn__=%2ANK-R\" data-ft=\"{&quot;type&quot;:104,&quot;tn&quot;:&quot;*N&quot;}\"><span class=\"_5afx\"><span class=\"_58cl _5afz\" aria-label=\"hashtag\">#<\/span><span class=\"_58cm\">Soberan\u00eda<\/span><\/span><\/a>\u00a0alimentaria<br \/>\n<a class=\"_58cn\" href=\"https:\/\/www.facebook.com\/hashtag\/revolucion?source=feed_text&amp;__xts__%5B0%5D=68.ARAFa9Mwa3SkXkLC_AvuBrlLBEDINGy-duIq02Ji6ih3nawVZGgLLC94cRLbKXkNnLEmlkVubCgS6wPxY7DHPUb1WxECwGK7j-VWMcg3-Is_RhxcCRG2etrc8YP_0kxjoEsTQBfpgXGYbBWxaG7hM0R3Kx5FAVg8xE6uXUGg_LxdnwkDs9c9MdllvDbW9TWD71OFuDkN_N37Sp3j1G0nWJhXolqIxK5XEJcbnChlMnX_w_AL4Oz9o-mfW1uPMCDnfg4JOAIZ6laa_pJBvIu1SAr1SQP8GOQTgQtS-3T-7Gi_KldP4u6UwjNIFuttal5yBjwisv1wrP4TU64gr70sJ5f1Tp7B&amp;__tn__=%2ANK-R\" data-ft=\"{&quot;type&quot;:104,&quot;tn&quot;:&quot;*N&quot;}\"><span class=\"_5afx\"><span class=\"_58cl _5afz\" aria-label=\"hashtag\">#<\/span><span class=\"_58cm\">Revolucion<\/span><\/span><\/a>\u00a0verde.<span class=\"text_exposed_show\"><br \/>\n# Impactos en la salud producidos por agrotoxicos<br \/>\n<a class=\"_58cn\" href=\"https:\/\/www.facebook.com\/hashtag\/agroecologia?source=feed_text&amp;__xts__%5B0%5D=68.ARAFa9Mwa3SkXkLC_AvuBrlLBEDINGy-duIq02Ji6ih3nawVZGgLLC94cRLbKXkNnLEmlkVubCgS6wPxY7DHPUb1WxECwGK7j-VWMcg3-Is_RhxcCRG2etrc8YP_0kxjoEsTQBfpgXGYbBWxaG7hM0R3Kx5FAVg8xE6uXUGg_LxdnwkDs9c9MdllvDbW9TWD71OFuDkN_N37Sp3j1G0nWJhXolqIxK5XEJcbnChlMnX_w_AL4Oz9o-mfW1uPMCDnfg4JOAIZ6laa_pJBvIu1SAr1SQP8GOQTgQtS-3T-7Gi_KldP4u6UwjNIFuttal5yBjwisv1wrP4TU64gr70sJ5f1Tp7B&amp;__tn__=%2ANK-R\" data-ft=\"{&quot;type&quot;:104,&quot;tn&quot;:&quot;*N&quot;}\"><span class=\"_5afx\"><span class=\"_58cl _5afz\" aria-label=\"hashtag\">#<\/span><span class=\"_58cm\">Agroecologia<\/span><\/span><\/a>\u00a0como alternativa a la producci\u00f3n<br \/>\n<a class=\"_58cn\" href=\"https:\/\/www.facebook.com\/hashtag\/economia?source=feed_text&amp;__xts__%5B0%5D=68.ARAFa9Mwa3SkXkLC_AvuBrlLBEDINGy-duIq02Ji6ih3nawVZGgLLC94cRLbKXkNnLEmlkVubCgS6wPxY7DHPUb1WxECwGK7j-VWMcg3-Is_RhxcCRG2etrc8YP_0kxjoEsTQBfpgXGYbBWxaG7hM0R3Kx5FAVg8xE6uXUGg_LxdnwkDs9c9MdllvDbW9TWD71OFuDkN_N37Sp3j1G0nWJhXolqIxK5XEJcbnChlMnX_w_AL4Oz9o-mfW1uPMCDnfg4JOAIZ6laa_pJBvIu1SAr1SQP8GOQTgQtS-3T-7Gi_KldP4u6UwjNIFuttal5yBjwisv1wrP4TU64gr70sJ5f1Tp7B&amp;__tn__=%2ANK-R\" data-ft=\"{&quot;type&quot;:104,&quot;tn&quot;:&quot;*N&quot;}\"><span class=\"_5afx\"><span class=\"_58cl _5afz\" aria-label=\"hashtag\">#<\/span><span class=\"_58cm\">Economia<\/span><\/span><\/a>\u00a0social y solidaria.<br \/>\n# Ley de semillas.<\/span><\/p>\n","protected":false},"excerpt":{"rendered":"<p>&nbsp; Habiendo finalizado el proceso de formaci\u00f3n e intercambio de experiencias con los estudiantes de IES-9001 queremos invitarlos a participar de la presentaci\u00f3n de proyectos finales de la materia Soberan\u00eda alimentaria y Comercio justo. Lxs alumnxs estar\u00e1n presentando stands tem\u00e1ticos de lo abordado en clases. #Derecho\u00a0a la alimentaci\u00f3n #Soberan\u00eda\u00a0alimentaria #Revolucion\u00a0verde. # Impactos en la salud &#8230; <a title=\"Soberan\u00eda alimentaria y Comercio justo. Fin del ciclo.\" class=\"read-more\" href=\"https:\/\/ens9001-infd.mendoza.edu.ar\/sitio\/soberania-alimentaria-y-comercio-justo-fin-del-ciclo\/\" aria-label=\"More on Soberan\u00eda alimentaria y Comercio justo. Fin del ciclo.\">[+]<\/a><\/p>\n","protected":false},"author":6806,"featured_media":0,"comment_status":"open","ping_status":"open","sticky":false,"template":"","format":"standard","meta":[],"categories":[1],"tags":[],"acf":[],"_links":{"self":[{"href":"https:\/\/ens9001-infd.mendoza.edu.ar\/sitio\/wp-json\/wp\/v2\/posts\/7022"}],"collection":[{"href":"https:\/\/ens9001-infd.mendoza.edu.ar\/sitio\/wp-json\/wp\/v2\/posts"}],"about":[{"href":"https:\/\/ens9001-infd.mendoza.edu.ar\/sitio\/wp-json\/wp\/v2\/types\/post"}],"author":[{"embeddable":true,"href":"https:\/\/ens9001-infd.mendoza.edu.ar\/sitio\/wp-json\/wp\/v2\/users\/6806"}],"replies":[{"embeddable":true,"href":"https:\/\/ens9001-infd.mendoza.edu.ar\/sitio\/wp-json\/wp\/v2\/comments?post=7022"}],"version-history":[{"count":1,"href":"https:\/\/ens9001-infd.mendoza.edu.ar\/sitio\/wp-json\/wp\/v2\/posts\/7022\/revisions"}],"predecessor-version":[{"id":7024,"href":"https:\/\/ens9001-infd.mendoza.edu.ar\/sitio\/wp-json\/wp\/v2\/posts\/7022\/revisions\/7024"}],"wp:attachment":[{"href":"https:\/\/ens9001-infd.mendoza.edu.ar\/sitio\/wp-json\/wp\/v2\/media?parent=7022"}],"wp:term":[{"taxonomy":"category","embeddable":true,"href":"https:\/\/ens9001-infd.mendoza.edu.ar\/sitio\/wp-json\/wp\/v2\/categories?post=7022"},{"taxonomy":"post_tag","embeddable":true,"href":"https:\/\/ens9001-infd.mendoza.edu.ar\/sitio\/wp-json\/wp\/v2\/tags?post=7022"}],"curies":[{"name":"wp","href":"https:\/\/api.w.org\/{rel}","templated":true}]}}