{"id":7002,"date":"2018-11-12T14:12:56","date_gmt":"2018-11-12T17:12:56","guid":{"rendered":"https:\/\/ens9001-mza.infd.edu.ar\/sitio\/?p=7002"},"modified":"2018-11-12T14:12:56","modified_gmt":"2018-11-12T17:12:56","slug":"el-delito-de-la-desaparicion-forzada-en-la-argentina-entre-1976-y-1983","status":"publish","type":"post","link":"https:\/\/ens9001-infd.mendoza.edu.ar\/sitio\/el-delito-de-la-desaparicion-forzada-en-la-argentina-entre-1976-y-1983\/","title":{"rendered":"El delito de la desaparici\u00f3n forzada en la Argentina, entre 1976 y 1983"},"content":{"rendered":"<p style=\"text-align: center;\"><img decoding=\"async\" loading=\"lazy\" class=\"alignnone size-full wp-image-7003\" src=\"https:\/\/ens9001-infd.mendoza.edu.ar\/sitio\/wp-content\/uploads\/2018\/11\/delito-desparici\u00f3n.jpg\" alt=\"\" width=\"960\" height=\"960\" srcset=\"https:\/\/ens9001-infd.mendoza.edu.ar\/sitio\/wp-content\/uploads\/2018\/11\/delito-desparici\u00f3n.jpg 960w, https:\/\/ens9001-infd.mendoza.edu.ar\/sitio\/wp-content\/uploads\/2018\/11\/delito-desparici\u00f3n-500x500.jpg 500w, https:\/\/ens9001-infd.mendoza.edu.ar\/sitio\/wp-content\/uploads\/2018\/11\/delito-desparici\u00f3n-768x768.jpg 768w\" sizes=\"(max-width: 960px) 100vw, 960px\" \/><\/p>\n<p>El jueves 15 de noviembre, presentaci\u00f3n del libro \u00bb El delito de la desaparici\u00f3n forzada en la Argentina, entre 1976 y 1983 de Pablo Salinas y Viviana Beigel.<\/p>\n<p>En la Sala Elina Alba. Espa\u00f1a y Guti\u00e9rrez. Mendoza.<\/p>\n","protected":false},"excerpt":{"rendered":"<p>El jueves 15 de noviembre, presentaci\u00f3n del libro \u00bb El delito de la desaparici\u00f3n forzada en la Argentina, entre 1976 y 1983 de Pablo Salinas y Viviana Beigel. En la Sala Elina Alba. Espa\u00f1a y Guti\u00e9rrez. Mendoza.<\/p>\n","protected":false},"author":6806,"featured_media":0,"comment_status":"open","ping_status":"open","sticky":false,"template":"","format":"standard","meta":[],"categories":[1],"tags":[],"acf":[],"_links":{"self":[{"href":"https:\/\/ens9001-infd.mendoza.edu.ar\/sitio\/wp-json\/wp\/v2\/posts\/7002"}],"collection":[{"href":"https:\/\/ens9001-infd.mendoza.edu.ar\/sitio\/wp-json\/wp\/v2\/posts"}],"about":[{"href":"https:\/\/ens9001-infd.mendoza.edu.ar\/sitio\/wp-json\/wp\/v2\/types\/post"}],"author":[{"embeddable":true,"href":"https:\/\/ens9001-infd.mendoza.edu.ar\/sitio\/wp-json\/wp\/v2\/users\/6806"}],"replies":[{"embeddable":true,"href":"https:\/\/ens9001-infd.mendoza.edu.ar\/sitio\/wp-json\/wp\/v2\/comments?post=7002"}],"version-history":[{"count":1,"href":"https:\/\/ens9001-infd.mendoza.edu.ar\/sitio\/wp-json\/wp\/v2\/posts\/7002\/revisions"}],"predecessor-version":[{"id":7004,"href":"https:\/\/ens9001-infd.mendoza.edu.ar\/sitio\/wp-json\/wp\/v2\/posts\/7002\/revisions\/7004"}],"wp:attachment":[{"href":"https:\/\/ens9001-infd.mendoza.edu.ar\/sitio\/wp-json\/wp\/v2\/media?parent=7002"}],"wp:term":[{"taxonomy":"category","embeddable":true,"href":"https:\/\/ens9001-infd.mendoza.edu.ar\/sitio\/wp-json\/wp\/v2\/categories?post=7002"},{"taxonomy":"post_tag","embeddable":true,"href":"https:\/\/ens9001-infd.mendoza.edu.ar\/sitio\/wp-json\/wp\/v2\/tags?post=7002"}],"curies":[{"name":"wp","href":"https:\/\/api.w.org\/{rel}","templated":true}]}}