{"id":5752,"date":"2014-05-26T00:00:00","date_gmt":"2014-05-26T00:00:00","guid":{"rendered":"https:\/\/ens9001-mza.infd.edu.ar\/sitio\/1o-jornada-institucional-del-programa-nacional-de-formacion-docente-de-nivel-superior\/"},"modified":"2019-09-26T14:51:54","modified_gmt":"2019-09-26T17:51:54","slug":"1o-jornada-institucional-del-programa-nacional-de-formacion-docente-de-nivel-superior","status":"publish","type":"post","link":"https:\/\/ens9001-infd.mendoza.edu.ar\/sitio\/1o-jornada-institucional-del-programa-nacional-de-formacion-docente-de-nivel-superior\/","title":{"rendered":"1\u00ba Jornada Institucional del Programa Nacional de Formaci\u00f3n Docente de Nivel Superior"},"content":{"rendered":"<h3>1\u00ba Jornada Institucional del Programa Nacional de Formaci\u00f3n Docente de Nivel Superior<\/h3>\n<hr class=\"sitio_noticia_contenido\" \/>\n<p><img decoding=\"async\" loading=\"lazy\" style=\"border: 0; float: left; margin: 10px;\" title=\"\" src=\"http:\/\/des.mza.infd.edu.ar\/sitio\/upload\/img\/logo_1.png\" width=\"196\" height=\"65\" border=\"0\" \/><span style=\"font-family: arial, helvetica, sans-serif; font-size: 10pt;\">El Equipo de Gesti\u00f3n convoca a Docentes, Administrativos, Bedeles, Bibliotecarios, Secretarias, Estudiantes y Egresados Consejeros, y representantes del Centro de Estudiantes a la\u00a0<strong>1\u00ba<\/strong>\u00a0<strong>Jornada Institucional del Programa Nacional de Formaci\u00f3n Docente de Nivel Superior<\/strong>\u00a0a llevarse a cabo el d\u00eda\u00a0<strong>jueves 29 de mayo del 2014 de 14:30 hs a 20:00 hs.<\/strong>\u00a0en la Sede Central de nuestra instituci\u00f3n<strong>.<\/strong><\/span><\/p>\n<p><span style=\"font-family: arial, helvetica, sans-serif; font-size: 10pt;\">El PNFP es una acci\u00f3n de formaci\u00f3n permanente, universal, gratuita, obligatoria y en ejercicio, con centralidad en la escuela y en la construcci\u00f3n colectiva de saberes pedag\u00f3gicos (<a href=\"https:\/\/drive.google.com\/file\/d\/0BxfczyKA65bPUC1yUlZlVkNTelE\/edit?usp=sharing\">Res. CFE N\u00ba 219\/14<\/a>).<\/span><\/p>\n<p><span style=\"font-family: arial, helvetica, sans-serif; font-size: 10pt;\">Atento a la obligatoriedad de la misma no se computar\u00e1 inasistencia en los otros niveles de la Direcci\u00f3n General de Escuelas.<\/span><\/p>\n<p><span style=\"font-family: arial, helvetica, sans-serif; font-size: 10pt;\">Todos\/as las docentes deben\u00a0<a title=\"http:\/\/des.mza.infd.edu.ar\/sitio\/index.cgi?wAccion=news&amp;amp;wid_news=2551&amp;amp;wid_seccion=&amp;amp;wid_item=\" href=\"http:\/\/des.mza.infd.edu.ar\/sitio\/index.cgi?wAccion=news&amp;wid_news=2551&amp;wid_seccion=&amp;wid_item=\" target=\"_NEW\">INSCRIBIRSE<\/a>\u00a0accediendo al\u00a0<a title=\"http:\/\/des.mza.infd.edu.ar\/sitio\/index.cgi?wAccion=news&amp;amp;wid_news=2551&amp;amp;wid_seccion=&amp;amp;wid_item=\" href=\"http:\/\/des.mza.infd.edu.ar\/sitio\/index.cgi?wAccion=news&amp;wid_news=2551&amp;wid_seccion=&amp;wid_item=\" target=\"_NEW\">siguiente enlace<\/a>:<\/span><\/p>\n<p><iframe loading=\"lazy\" style=\"display: block; margin-left: auto; margin-right: auto;\" src=\"http:\/\/files.bannersnack.com\/iframe\/embed.html?hash=bu30bffl&amp;bgcolor=%233D3D3D&amp;wmode=opaque&amp;t=1400783352\" width=\"409\" height=\"67\" frameborder=\"0\" scrolling=\"no\"><\/iframe><\/p>\n<div><span style=\"font-family: arial, helvetica, sans-serif; font-size: 10pt;\">Esperamos contar con la presencia de todos y todas.<\/span><\/div>\n<p><span style=\"font-family: arial, helvetica, sans-serif; font-size: 10pt;\"><em><strong>Equipo de Gesti\u00f3n<\/strong><\/em><\/span><\/p>\n","protected":false},"excerpt":{"rendered":"<p>1\u00ba Jornada Institucional del Programa Nacional de Formaci\u00f3n Docente de Nivel Superior El Equipo de Gesti\u00f3n convoca a Docentes, Administrativos, Bedeles, Bibliotecarios, Secretarias, Estudiantes y Egresados Consejeros, y representantes del Centro de Estudiantes a la\u00a01\u00ba\u00a0Jornada Institucional del Programa Nacional de Formaci\u00f3n Docente de Nivel Superior\u00a0a llevarse a cabo el d\u00eda\u00a0jueves 29 de mayo del 2014 &#8230; <a title=\"1\u00ba Jornada Institucional del Programa Nacional de Formaci\u00f3n Docente de Nivel Superior\" class=\"read-more\" href=\"https:\/\/ens9001-infd.mendoza.edu.ar\/sitio\/1o-jornada-institucional-del-programa-nacional-de-formacion-docente-de-nivel-superior\/\" aria-label=\"More on 1\u00ba Jornada Institucional del Programa Nacional de Formaci\u00f3n Docente de Nivel Superior\">[+]<\/a><\/p>\n","protected":false},"author":6607,"featured_media":9162,"comment_status":"open","ping_status":"open","sticky":false,"template":"","format":"standard","meta":[],"categories":[96,95],"tags":[],"acf":[],"_links":{"self":[{"href":"https:\/\/ens9001-infd.mendoza.edu.ar\/sitio\/wp-json\/wp\/v2\/posts\/5752"}],"collection":[{"href":"https:\/\/ens9001-infd.mendoza.edu.ar\/sitio\/wp-json\/wp\/v2\/posts"}],"about":[{"href":"https:\/\/ens9001-infd.mendoza.edu.ar\/sitio\/wp-json\/wp\/v2\/types\/post"}],"author":[{"embeddable":true,"href":"https:\/\/ens9001-infd.mendoza.edu.ar\/sitio\/wp-json\/wp\/v2\/users\/6607"}],"replies":[{"embeddable":true,"href":"https:\/\/ens9001-infd.mendoza.edu.ar\/sitio\/wp-json\/wp\/v2\/comments?post=5752"}],"version-history":[{"count":1,"href":"https:\/\/ens9001-infd.mendoza.edu.ar\/sitio\/wp-json\/wp\/v2\/posts\/5752\/revisions"}],"predecessor-version":[{"id":9164,"href":"https:\/\/ens9001-infd.mendoza.edu.ar\/sitio\/wp-json\/wp\/v2\/posts\/5752\/revisions\/9164"}],"wp:featuredmedia":[{"embeddable":true,"href":"https:\/\/ens9001-infd.mendoza.edu.ar\/sitio\/wp-json\/wp\/v2\/media\/9162"}],"wp:attachment":[{"href":"https:\/\/ens9001-infd.mendoza.edu.ar\/sitio\/wp-json\/wp\/v2\/media?parent=5752"}],"wp:term":[{"taxonomy":"category","embeddable":true,"href":"https:\/\/ens9001-infd.mendoza.edu.ar\/sitio\/wp-json\/wp\/v2\/categories?post=5752"},{"taxonomy":"post_tag","embeddable":true,"href":"https:\/\/ens9001-infd.mendoza.edu.ar\/sitio\/wp-json\/wp\/v2\/tags?post=5752"}],"curies":[{"name":"wp","href":"https:\/\/api.w.org\/{rel}","templated":true}]}}