{"id":5269,"date":"2018-02-22T04:37:54","date_gmt":"2018-02-22T01:37:54","guid":{"rendered":"https:\/\/ens9001-mza.infd.edu.ar\/sitio\/notificacion-del-cronograma-para-la-inscripcion-y-presentacion-de-cargos-de-gestion\/"},"modified":"2018-02-22T04:37:54","modified_gmt":"2018-02-22T01:37:54","slug":"notificacion-del-cronograma-para-la-inscripcion-y-presentacion-de-cargos-de-gestion","status":"publish","type":"post","link":"https:\/\/ens9001-infd.mendoza.edu.ar\/sitio\/notificacion-del-cronograma-para-la-inscripcion-y-presentacion-de-cargos-de-gestion\/","title":{"rendered":"Notificaci\u00f3n del Cronograma para la inscripci\u00f3n y presentaci\u00f3n de cargos de gesti\u00f3n"},"content":{"rendered":"<table style=\"width: 500px; margin-left: auto; margin-right: auto;\" border=\"0\">\n<tbody>\n<tr>\n<td>\n<div style=\"color: #747474; font-family: Arial, Helvetica, sans-serif; font-size: 14px;\">\n<div class=\"x_gmail_default\"><span style=\"font-size: 10pt; font-family: arial, helvetica, sans-serif; color: #ffffff;\">.<\/span><\/div>\n<div class=\"x_gmail_default\"><span style=\"font-size: 10pt; font-family: arial, helvetica, sans-serif; color: #000000;\">Se informa a todo el personal docente que debe notificarse del Cronograma Publicado por el CeCIED para la Inscripci&oacute;n y presentaci&oacute;n de los Cargos de Gesti&oacute;n, de lunes a viernes de 9:00 a 12:00 y de 16:00 a 20:00 horas en secretaria docente.<\/span><\/div>\n<div class=\"x_gmail_default\"><span style=\"font-size: 10pt; font-family: arial, helvetica, sans-serif; color: #000000;\">Atte. Secretar&iacute;a<\/span><\/div>\n<\/div>\n<p><br style=\"color: #747474; font-family: Arial, Helvetica, sans-serif; font-size: 14px;\"><br style=\"color: #747474; font-family: Arial, Helvetica, sans-serif; font-size: 14px;\"><\/p>\n<div style=\"color: #747474; font-family: Arial, Helvetica, sans-serif; font-size: 12px;\"><span style=\"font-size: 10pt; font-family: arial, helvetica, sans-serif; color: #000000;\">Noticia publicada el&nbsp;<strong>21\/02\/2018<\/strong>&nbsp;en la categor&iacute;a&nbsp;<strong>DOCENTES<\/strong>&nbsp;( Noticias de Docentes)<\/span><\/div>\n<\/td>\n<\/tr>\n<\/tbody>\n<\/table>\n","protected":false},"excerpt":{"rendered":"<p>. Se informa a todo el personal docente que debe notificarse del Cronograma Publicado por el CeCIED para la Inscripci&oacute;n y presentaci&oacute;n de los Cargos de Gesti&oacute;n, de lunes a viernes de 9:00 a 12:00 y de 16:00 a 20:00 horas en secretaria docente. Atte. Secretar&iacute;a Noticia publicada el&nbsp;21\/02\/2018&nbsp;en la categor&iacute;a&nbsp;DOCENTES&nbsp;( Noticias de Docentes)<\/p>\n","protected":false},"author":6607,"featured_media":0,"comment_status":"open","ping_status":"open","sticky":false,"template":"","format":"standard","meta":[],"categories":[1],"tags":[],"acf":[],"_links":{"self":[{"href":"https:\/\/ens9001-infd.mendoza.edu.ar\/sitio\/wp-json\/wp\/v2\/posts\/5269"}],"collection":[{"href":"https:\/\/ens9001-infd.mendoza.edu.ar\/sitio\/wp-json\/wp\/v2\/posts"}],"about":[{"href":"https:\/\/ens9001-infd.mendoza.edu.ar\/sitio\/wp-json\/wp\/v2\/types\/post"}],"author":[{"embeddable":true,"href":"https:\/\/ens9001-infd.mendoza.edu.ar\/sitio\/wp-json\/wp\/v2\/users\/6607"}],"replies":[{"embeddable":true,"href":"https:\/\/ens9001-infd.mendoza.edu.ar\/sitio\/wp-json\/wp\/v2\/comments?post=5269"}],"version-history":[{"count":0,"href":"https:\/\/ens9001-infd.mendoza.edu.ar\/sitio\/wp-json\/wp\/v2\/posts\/5269\/revisions"}],"wp:attachment":[{"href":"https:\/\/ens9001-infd.mendoza.edu.ar\/sitio\/wp-json\/wp\/v2\/media?parent=5269"}],"wp:term":[{"taxonomy":"category","embeddable":true,"href":"https:\/\/ens9001-infd.mendoza.edu.ar\/sitio\/wp-json\/wp\/v2\/categories?post=5269"},{"taxonomy":"post_tag","embeddable":true,"href":"https:\/\/ens9001-infd.mendoza.edu.ar\/sitio\/wp-json\/wp\/v2\/tags?post=5269"}],"curies":[{"name":"wp","href":"https:\/\/api.w.org\/{rel}","templated":true}]}}