{"id":5240,"date":"2017-11-22T13:11:42","date_gmt":"2017-11-22T10:11:42","guid":{"rendered":"https:\/\/ens9001-mza.infd.edu.ar\/sitio\/trayectos-de-fortalecimiento-pedagogico\/"},"modified":"2019-09-29T21:42:29","modified_gmt":"2019-09-30T00:42:29","slug":"trayectos-de-fortalecimiento-pedagogico","status":"publish","type":"post","link":"https:\/\/ens9001-infd.mendoza.edu.ar\/sitio\/trayectos-de-fortalecimiento-pedagogico\/","title":{"rendered":"Trayectos de Fortalecimiento Pedag\u00f3gico"},"content":{"rendered":"<table style=\"width: 500px; margin-left: auto; margin-right: auto;\" border=\"0\">\n<tbody>\n<tr>\n<td style=\"text-align: center;\"><img decoding=\"async\" src=\"https:\/\/ens9001-infd.mendoza.edu.ar\/sitio\/wp-content\/uploads\/2018\/08\/tratectos.jpg\" alt=\"\" border=\"0\" \/><\/p>\n<p><strong><span style=\"font-size: 12pt; color: #999999;\">\u00a0Inscripci\u00f3n 2018 del 20\/11 al 11\/12 inclusive<\/span><\/strong><\/p>\n<p class=\"MsoNormal\" style=\"line-height: normal; background-image: initial; background-position: initial; background-size: initial; background-repeat: initial; background-attachment: initial; background-origin: initial; background-clip: initial; text-align: left;\"><span style=\"font-size: 10.0pt; font-family: 'Arial','sans-serif'; mso-fareast-font-family: 'Times New Roman'; mso-fareast-language: ES-AR;\">El Ministerio de Educaci\u00f3n de la Naci\u00f3n abre una nueva inscripci\u00f3n para los\u00a0<strong>Trayectos de Fortalecimiento Pedag\u00f3gico<\/strong>\u00a0del Instituto Nacional de Formaci\u00f3n Docente:<\/span><\/p>\n<ul type=\"disc\">\n<li class=\"MsoNormal\" style=\"line-height: normal; background-image: initial; background-position: initial; background-size: initial; background-repeat: initial; background-attachment: initial; background-origin: initial; background-clip: initial; text-align: left;\"><em><span style=\"font-size: 10.0pt; font-family: 'Arial','sans-serif'; mso-fareast-font-family: 'Times New Roman'; mso-fareast-language: ES-AR;\">el Profesorado para la Educaci\u00f3n Secundaria en concurrencia con el t\u00edtulo de base,<\/span><\/em><\/li>\n<li class=\"MsoNormal\" style=\"line-height: normal; background-image: initial; background-position: initial; background-size: initial; background-repeat: initial; background-attachment: initial; background-origin: initial; background-clip: initial; text-align: left;\"><em><span style=\"font-size: 10.0pt; font-family: 'Arial','sans-serif'; mso-fareast-font-family: 'Times New Roman'; mso-fareast-language: ES-AR;\">la Certificaci\u00f3n Pedag\u00f3gica para la Educaci\u00f3n Secundaria<\/span><\/em><\/li>\n<li class=\"MsoNormal\" style=\"line-height: normal; background-image: initial; background-position: initial; background-size: initial; background-repeat: initial; background-attachment: initial; background-origin: initial; background-clip: initial; text-align: left;\"><em><span style=\"font-size: 10.0pt; font-family: 'Arial','sans-serif'; mso-fareast-font-family: 'Times New Roman'; mso-fareast-language: ES-AR;\">la Certificaci\u00f3n Pedag\u00f3gica Jurisdiccional para la Educaci\u00f3n Secundaria<\/span><\/em><span style=\"font-size: 10.0pt; font-family: 'Arial','sans-serif'; mso-fareast-font-family: 'Times New Roman'; mso-fareast-language: ES-AR;\">.<\/span><\/li>\n<\/ul>\n<p class=\"MsoNormal\" style=\"line-height: normal; background-image: initial; background-position: initial; background-size: initial; background-repeat: initial; background-attachment: initial; background-origin: initial; background-clip: initial; text-align: left;\"><span style=\"font-size: 10.0pt; font-family: 'Arial','sans-serif'; mso-fareast-font-family: 'Times New Roman'; mso-fareast-language: ES-AR;\">Las tres propuestas formativas est\u00e1n dirigidas a docentes de\u00a0<strong>Nivel Secundario<\/strong>\u00a0<strong>en ejercicio con un m\u00ednimo de 3 a\u00f1os de antig\u00fcedad\u00a0y sin la titulaci\u00f3n docente correspondiente en las siguientes asignaturas:<\/strong><\/span><\/p>\n<ul type=\"disc\">\n<li class=\"MsoNormal\" style=\"line-height: normal; background-image: initial; background-position: initial; background-size: initial; background-repeat: initial; background-attachment: initial; background-origin: initial; background-clip: initial; text-align: left;\"><span style=\"font-size: 10.0pt; font-family: 'Arial','sans-serif'; mso-fareast-font-family: 'Times New Roman'; mso-fareast-language: ES-AR;\">LENGUA Y LITERATURA<\/span><\/li>\n<li class=\"MsoNormal\" style=\"line-height: normal; background-image: initial; background-position: initial; background-size: initial; background-repeat: initial; background-attachment: initial; background-origin: initial; background-clip: initial; text-align: left;\"><span style=\"font-size: 10.0pt; font-family: 'Arial','sans-serif'; mso-fareast-font-family: 'Times New Roman'; mso-fareast-language: ES-AR;\">MATEM\u00c1TICA<\/span><\/li>\n<li class=\"MsoNormal\" style=\"line-height: normal; background-image: initial; background-position: initial; background-size: initial; background-repeat: initial; background-attachment: initial; background-origin: initial; background-clip: initial; text-align: left;\"><span style=\"font-size: 10.0pt; font-family: 'Arial','sans-serif'; mso-fareast-font-family: 'Times New Roman'; mso-fareast-language: ES-AR;\">HISTORIA<\/span><\/li>\n<li class=\"MsoNormal\" style=\"line-height: normal; background-image: initial; background-position: initial; background-size: initial; background-repeat: initial; background-attachment: initial; background-origin: initial; background-clip: initial; text-align: left;\"><span style=\"font-size: 10.0pt; font-family: 'Arial','sans-serif'; mso-fareast-font-family: 'Times New Roman'; mso-fareast-language: ES-AR;\">GEOGRAF\u00cdA<\/span><\/li>\n<li class=\"MsoNormal\" style=\"line-height: normal; background-image: initial; background-position: initial; background-size: initial; background-repeat: initial; background-attachment: initial; background-origin: initial; background-clip: initial; text-align: left;\"><span style=\"font-size: 10.0pt; font-family: 'Arial','sans-serif'; mso-fareast-font-family: 'Times New Roman'; mso-fareast-language: ES-AR;\">BIOLOG\u00cdA<\/span><\/li>\n<li class=\"MsoNormal\" style=\"line-height: normal; background-image: initial; background-position: initial; background-size: initial; background-repeat: initial; background-attachment: initial; background-origin: initial; background-clip: initial; text-align: left;\"><span style=\"font-size: 10.0pt; font-family: 'Arial','sans-serif'; mso-fareast-font-family: 'Times New Roman'; mso-fareast-language: ES-AR;\">F\u00cdSICA<\/span><\/li>\n<li class=\"MsoNormal\" style=\"line-height: normal; background-image: initial; background-position: initial; background-size: initial; background-repeat: initial; background-attachment: initial; background-origin: initial; background-clip: initial; text-align: left;\"><span style=\"font-size: 10.0pt; font-family: 'Arial','sans-serif'; mso-fareast-font-family: 'Times New Roman'; mso-fareast-language: ES-AR;\">MATEM\u00c1TICA<\/span><\/li>\n<li class=\"MsoNormal\" style=\"line-height: normal; background-image: initial; background-position: initial; background-size: initial; background-repeat: initial; background-attachment: initial; background-origin: initial; background-clip: initial; text-align: left;\"><span style=\"font-size: 10.0pt; font-family: 'Arial','sans-serif'; mso-fareast-font-family: 'Times New Roman'; mso-fareast-language: ES-AR;\">INGL\u00c9S<\/span><\/li>\n<\/ul>\n<p class=\"MsoNormal\" style=\"line-height: normal; background-image: initial; background-position: initial; background-size: initial; background-repeat: initial; background-attachment: initial; background-origin: initial; background-clip: initial; text-align: left;\"><span style=\"font-size: 10.0pt; font-family: 'Arial','sans-serif'; mso-fareast-font-family: 'Times New Roman'; mso-fareast-language: ES-AR;\">La modalidad de cursada es\u00a0<strong>a distancia a trav\u00e9s del portal del INFD<\/strong>, con i<strong>nstancias presenciales localizadas en Institutos Superiores de Formaci\u00f3n Docente<\/strong>\u00a0de las jurisdicciones.<\/span><\/p>\n<p class=\"MsoNormal\" style=\"line-height: normal; background-image: initial; background-position: initial; background-size: initial; background-repeat: initial; background-attachment: initial; background-origin: initial; background-clip: initial; text-align: left;\"><span style=\"font-size: 10.0pt; font-family: 'Arial','sans-serif'; mso-fareast-font-family: 'Times New Roman'; mso-fareast-language: ES-AR;\">Los Trayectos de Fortalecimiento Pedag\u00f3gico ofrecen formaci\u00f3n continua y actualizaci\u00f3n did\u00e1ctico-pedag\u00f3gica con el objetivo de promover la profesionalizaci\u00f3n de la docencia en la educaci\u00f3n secundaria y garantizar la cantidad necesaria de docentes con la titulaci\u00f3n requerida en el nivel. Cada uno de ellos propone espacios para la reflexi\u00f3n sobre la pr\u00e1ctica y el desarrollo de las capacidades requeridas para una mejor ense\u00f1anza.<\/span><\/p>\n<p class=\"MsoNormal\" style=\"line-height: normal; background-image: initial; background-position: initial; background-size: initial; background-repeat: initial; background-attachment: initial; background-origin: initial; background-clip: initial; text-align: left;\"><span style=\"font-size: 10.0pt; font-family: 'Arial','sans-serif'; mso-fareast-font-family: 'Times New Roman'; mso-fareast-language: ES-AR;\">De tal modo, se constituye una oferta que permitir\u00e1 ligar la labor diaria frente al aula con la formaci\u00f3n pedag\u00f3gica y did\u00e1ctica; reconociendo el valor que tienen los saberes adquiridos y con un fuerte hincapi\u00e9 en el an\u00e1lisis del trabajo \u00e1ulico para fortalecer el ejercicio de la ense\u00f1anza.<\/span><\/p>\n<p class=\"MsoNormal\" style=\"line-height: normal; background-image: initial; background-position: initial; background-size: initial; background-repeat: initial; background-attachment: initial; background-origin: initial; background-clip: initial; text-align: left;\">\n<p class=\"MsoNormal\" style=\"line-height: normal; background-image: initial; background-position: initial; background-size: initial; background-repeat: initial; background-attachment: initial; background-origin: initial; background-clip: initial;\"><strong><span style=\"font-size: 10.0pt; font-family: 'Arial','sans-serif'; mso-fareast-font-family: 'Times New Roman'; mso-fareast-language: ES-AR;\"><a href=\"http:\/\/trayectospedagogicos.educ.ar\/trayectos_pedagogicos\/inscripcionCarrera\/\" target=\"_blank\" rel=\"noopener\"><span style=\"color: windowtext;\">FORMULARIO DE INSCRIPCION (hacer clic aqu\u00ed)<\/span><\/a><\/span><\/strong><\/p>\n<p class=\"MsoNormal\" style=\"line-height: normal; background-image: initial; background-position: initial; background-size: initial; background-repeat: initial; background-attachment: initial; background-origin: initial; background-clip: initial;\"><strong><span style=\"font-size: 10.0pt; font-family: 'Arial','sans-serif'; mso-fareast-font-family: 'Times New Roman'; mso-fareast-language: ES-AR;\"><a title=\"http:\/\/red.infd.edu.ar\/articulos\/trayectos-de-fortalecimiento-pedagogico\/\" href=\"http:\/\/red.infd.edu.ar\/articulos\/trayectos-de-fortalecimiento-pedagogico\/\" target=\"_blank\" rel=\"noopener\"><span style=\"color: windowtext;\">M\u00e1s Informaci\u00f3n (hacer clic aqu\u00ed)<\/span><\/a><\/span><\/strong><\/p>\n<p style=\"text-align: left;\">\n<\/td>\n<\/tr>\n<\/tbody>\n<\/table>\n","protected":false},"excerpt":{"rendered":"<p>\u00a0Inscripci\u00f3n 2018 del 20\/11 al 11\/12 inclusive El Ministerio de Educaci\u00f3n de la Naci\u00f3n abre una nueva inscripci\u00f3n para los\u00a0Trayectos de Fortalecimiento Pedag\u00f3gico\u00a0del Instituto Nacional de Formaci\u00f3n Docente: el Profesorado para la Educaci\u00f3n Secundaria en concurrencia con el t\u00edtulo de base, la Certificaci\u00f3n Pedag\u00f3gica para la Educaci\u00f3n Secundaria la Certificaci\u00f3n Pedag\u00f3gica Jurisdiccional para la Educaci\u00f3n &#8230; <a title=\"Trayectos de Fortalecimiento Pedag\u00f3gico\" class=\"read-more\" href=\"https:\/\/ens9001-infd.mendoza.edu.ar\/sitio\/trayectos-de-fortalecimiento-pedagogico\/\" aria-label=\"More on Trayectos de Fortalecimiento Pedag\u00f3gico\">[+]<\/a><\/p>\n","protected":false},"author":6607,"featured_media":0,"comment_status":"open","ping_status":"open","sticky":false,"template":"","format":"standard","meta":[],"categories":[1],"tags":[],"acf":[],"_links":{"self":[{"href":"https:\/\/ens9001-infd.mendoza.edu.ar\/sitio\/wp-json\/wp\/v2\/posts\/5240"}],"collection":[{"href":"https:\/\/ens9001-infd.mendoza.edu.ar\/sitio\/wp-json\/wp\/v2\/posts"}],"about":[{"href":"https:\/\/ens9001-infd.mendoza.edu.ar\/sitio\/wp-json\/wp\/v2\/types\/post"}],"author":[{"embeddable":true,"href":"https:\/\/ens9001-infd.mendoza.edu.ar\/sitio\/wp-json\/wp\/v2\/users\/6607"}],"replies":[{"embeddable":true,"href":"https:\/\/ens9001-infd.mendoza.edu.ar\/sitio\/wp-json\/wp\/v2\/comments?post=5240"}],"version-history":[{"count":1,"href":"https:\/\/ens9001-infd.mendoza.edu.ar\/sitio\/wp-json\/wp\/v2\/posts\/5240\/revisions"}],"predecessor-version":[{"id":9236,"href":"https:\/\/ens9001-infd.mendoza.edu.ar\/sitio\/wp-json\/wp\/v2\/posts\/5240\/revisions\/9236"}],"wp:attachment":[{"href":"https:\/\/ens9001-infd.mendoza.edu.ar\/sitio\/wp-json\/wp\/v2\/media?parent=5240"}],"wp:term":[{"taxonomy":"category","embeddable":true,"href":"https:\/\/ens9001-infd.mendoza.edu.ar\/sitio\/wp-json\/wp\/v2\/categories?post=5240"},{"taxonomy":"post_tag","embeddable":true,"href":"https:\/\/ens9001-infd.mendoza.edu.ar\/sitio\/wp-json\/wp\/v2\/tags?post=5240"}],"curies":[{"name":"wp","href":"https:\/\/api.w.org\/{rel}","templated":true}]}}