{"id":4223,"date":"2014-05-01T17:45:57","date_gmt":"2014-05-01T14:45:57","guid":{"rendered":"https:\/\/ens9001-mza.infd.edu.ar\/sitio\/eleccion-de-cargos-de-gestion-regencia-y-jefatura-de-formacion-tecnica\/"},"modified":"2014-05-01T17:45:57","modified_gmt":"2014-05-01T14:45:57","slug":"eleccion-de-cargos-de-gestion-regencia-y-jefatura-de-formacion-tecnica","status":"publish","type":"post","link":"https:\/\/ens9001-infd.mendoza.edu.ar\/sitio\/eleccion-de-cargos-de-gestion-regencia-y-jefatura-de-formacion-tecnica\/","title":{"rendered":"Elecci\u00f3n de cargos de gesti\u00f3n: Regencia y Jefatura de Formaci\u00f3n T\u00e9cnica."},"content":{"rendered":"<p>&nbsp;<\/p>\n<table style=\"background-color: #f7feb8; ; width: 500px;\" border=\"0\" align=\"center\">\n<tbody>\n<tr>\n<td>\n<p>&nbsp;<\/p>\n<p style=\"padding-left: 30px;\"><span style=\"font-size: 10pt;\"><strong>Elecci&oacute;n de cargos de gesti&oacute;n: Regencia y Jefatura de Formaci&oacute;n T&eacute;cnica<\/strong><\/span><\/p>\n<p style=\"padding-left: 30px;\"><span style=\"font-size: 10pt;\">El Instituto de Formaci&oacute;n Docente y T&eacute;cnica N&ordm; 9-001 General Jos&eacute; de San Mart&iacute;n Informa a toda la comunidad educativa el Cronograma de elecci&oacute;n de cargos de gesti&oacute;n: Regencia y Jefatura de Formaci&oacute;n T&eacute;cnica, para el periodo 2014-2018. La fecha de Inscripci&oacute;n para ambos cargos es el d&iacute;a viernes 09 de mayo de 18:00 a 20:00 horas en secretaria docente, los postulantes deber&aacute;n presentar carpeta de antecedentes debidamente foliada y autenticada, incorporando la siguiente documentaci&oacute;n:<\/span><\/p>\n<p style=\"padding-left: 30px;\">&nbsp;<\/p>\n<p style=\"padding-left: 30px;\"><span style=\"font-size: 10pt;\">Declaraci&oacute;n Jurada de horas y cargos.<\/span><\/p>\n<p style=\"padding-left: 30px;\"><span style=\"font-size: 10pt;\">Copia de DNI.<\/span><\/p>\n<p style=\"padding-left: 30px;\"><span style=\"font-size: 10pt;\">Copia de CUIL.<\/span><\/p>\n<p style=\"padding-left: 30px;\"><span style=\"font-size: 10pt;\">Copia de certificado de &uacute;ltima votaci&oacute;n.<\/span><\/p>\n<p style=\"padding-left: 30px;\"><span style=\"font-size: 10pt;\">Certificado Psicof&iacute;sico Vigente.<\/span><\/p>\n<p style=\"padding-left: 30px;\"><span style=\"font-size: 10pt;\">Proyecto de Gesti&oacute;n y Cirriculum Vitae.<\/span><\/p>\n<p style=\"padding-left: 30px;\"><span style=\"font-size: 10pt;\">La defensa de Proyectos se realizar&aacute; el d&iacute;a lunes 12 Mayo de 2014 de 16:30 a 20:00 horas en Sesi&oacute;n Extraordinaria de Consejo Directivo, en sede central del Instituto.<\/span><\/p>\n<p style=\"padding-left: 30px;\">&nbsp;<\/p>\n<p style=\"padding-left: 30px;\"><span style=\"font-size: 10pt;\"><strong>Los Requisitos para la postulaci&oacute;n al cargo de Regente (decreto 476\/99) son<\/strong>:&nbsp;<\/span><\/p>\n<p style=\"padding-left: 30px;\">&nbsp;<\/p>\n<p style=\"padding-left: 30px;\"><span style=\"font-size: 10pt;\">Ser Docente Titular o Suplente Cargo Vacante de Nivel Superior del Establecimiento.<\/span><\/p>\n<p style=\"padding-left: 30px;\"><span style=\"font-size: 10pt;\">Acreditar como m&iacute;nimo cinco a&ntilde;os de antig&uuml;edad en el Nivel Superior.Presentar situaci&oacute;n de revista activa en el Nivel Superior.<\/span><\/p>\n<p style=\"padding-left: 30px;\"><span style=\"font-size: 10pt;\">Exhibir t&iacute;tulo docente de Nivel Superior de cuatro a&ntilde;os o m&aacute;s de duraci&oacute;n o equivalente, o t&iacute;tulo profesional universitario y certificaci&oacute;n de formaci&oacute;n docente. Asimismo, deber&aacute; acreditar formaci&oacute;n posterior al t&iacute;tulo de base.<\/span><\/p>\n<p style=\"padding-left: 30px;\"><span style=\"font-size: 10pt;\">Los Requisitos para la postulaci&oacute;n al cargo de Jefe de Formaci&oacute;n T&eacute;cnica son:<\/span><\/p>\n<p style=\"padding-left: 30px;\"><span style=\"font-size: 10pt;\">Ser Docente Titular o Suplente Cargo Vacante de Nivel Superior del Establecimiento.<\/span><\/p>\n<p style=\"padding-left: 30px;\"><span style=\"font-size: 10pt;\">Acreditar, como m&iacute;nimo, cinco a&ntilde;os de antig&uuml;edad en el Nivel Superior.<\/span><\/p>\n<p style=\"padding-left: 30px;\"><span style=\"font-size: 10pt;\">Presentar Situaci&oacute;n de Revista activa en el Nivel Superior.<\/span><\/p>\n<p style=\"padding-left: 30px;\"><span style=\"font-size: 10pt;\">Exhibir t&iacute;tulo docente de Nivel Superior de cuatro a&ntilde;os o m&aacute;s de duraci&oacute;n o equivalente, o t&iacute;tulo profesional universitario y certificaci&oacute;n de formaci&oacute;n docente. Asimismo, deber&aacute; acreditar formaci&oacute;n posterior al t&iacute;tulo de base.<\/span><\/p>\n<p style=\"padding-left: 30px;\"><span style=\"font-size: 10pt;\">&nbsp;<\/span><\/p>\n<p style=\"text-align: center; padding-left: 30px;\"><span style=\"font-size: 10pt;\"><strong>Prof. Flavia Garc&iacute;a&nbsp;<\/strong><\/span><\/p>\n<p style=\"text-align: center; padding-left: 30px;\"><span style=\"font-size: 10pt;\"><strong>Secretar&iacute;a Administrativa<\/strong><\/span><\/p>\n<p>&nbsp;<\/p>\n<\/td>\n<\/tr>\n<\/tbody>\n<\/table>\n","protected":false},"excerpt":{"rendered":"<p>&nbsp; &nbsp; Elecci&oacute;n de cargos de gesti&oacute;n: Regencia y Jefatura de Formaci&oacute;n T&eacute;cnica El Instituto de Formaci&oacute;n Docente y T&eacute;cnica N&ordm; 9-001 General Jos&eacute; de San Mart&iacute;n Informa a toda la comunidad educativa el Cronograma de elecci&oacute;n de cargos de gesti&oacute;n: Regencia y Jefatura de Formaci&oacute;n T&eacute;cnica, para el periodo 2014-2018. La fecha de Inscripci&oacute;n &#8230; <a title=\"Elecci\u00f3n de cargos de gesti\u00f3n: Regencia y Jefatura de Formaci\u00f3n T\u00e9cnica.\" class=\"read-more\" href=\"https:\/\/ens9001-infd.mendoza.edu.ar\/sitio\/eleccion-de-cargos-de-gestion-regencia-y-jefatura-de-formacion-tecnica\/\" aria-label=\"More on Elecci\u00f3n de cargos de gesti\u00f3n: Regencia y Jefatura de Formaci\u00f3n T\u00e9cnica.\">[+]<\/a><\/p>\n","protected":false},"author":6607,"featured_media":0,"comment_status":"open","ping_status":"open","sticky":false,"template":"","format":"standard","meta":[],"categories":[1],"tags":[],"acf":[],"_links":{"self":[{"href":"https:\/\/ens9001-infd.mendoza.edu.ar\/sitio\/wp-json\/wp\/v2\/posts\/4223"}],"collection":[{"href":"https:\/\/ens9001-infd.mendoza.edu.ar\/sitio\/wp-json\/wp\/v2\/posts"}],"about":[{"href":"https:\/\/ens9001-infd.mendoza.edu.ar\/sitio\/wp-json\/wp\/v2\/types\/post"}],"author":[{"embeddable":true,"href":"https:\/\/ens9001-infd.mendoza.edu.ar\/sitio\/wp-json\/wp\/v2\/users\/6607"}],"replies":[{"embeddable":true,"href":"https:\/\/ens9001-infd.mendoza.edu.ar\/sitio\/wp-json\/wp\/v2\/comments?post=4223"}],"version-history":[{"count":0,"href":"https:\/\/ens9001-infd.mendoza.edu.ar\/sitio\/wp-json\/wp\/v2\/posts\/4223\/revisions"}],"wp:attachment":[{"href":"https:\/\/ens9001-infd.mendoza.edu.ar\/sitio\/wp-json\/wp\/v2\/media?parent=4223"}],"wp:term":[{"taxonomy":"category","embeddable":true,"href":"https:\/\/ens9001-infd.mendoza.edu.ar\/sitio\/wp-json\/wp\/v2\/categories?post=4223"},{"taxonomy":"post_tag","embeddable":true,"href":"https:\/\/ens9001-infd.mendoza.edu.ar\/sitio\/wp-json\/wp\/v2\/tags?post=4223"}],"curies":[{"name":"wp","href":"https:\/\/api.w.org\/{rel}","templated":true}]}}