{"id":4100,"date":"2014-02-13T14:21:32","date_gmt":"2014-02-13T11:21:32","guid":{"rendered":"https:\/\/ens9001-mza.infd.edu.ar\/sitio\/ingresantes-a-educacion-primaria\/"},"modified":"2019-10-09T23:38:46","modified_gmt":"2019-10-10T02:38:46","slug":"ingresantes-a-educacion-primaria","status":"publish","type":"post","link":"https:\/\/ens9001-infd.mendoza.edu.ar\/sitio\/ingresantes-a-educacion-primaria\/","title":{"rendered":"Ingresantes a Educaci\u00f3n Primaria"},"content":{"rendered":"<p>&nbsp;<\/p>\n<table style=\"background-color: #ccff33; width: 500px;\" border=\"0\" align=\"center\">\n<tbody>\n<tr>\n<td>\n<p class=\"ecxMsoNormal\">\n<p><span style=\"background: #ccff33; font-size: 10pt;\">Ingresantes a Educaci\u00f3n Primaria que les restan cursar talleres, por no haberse dictado en el a\u00f1o 2013, solicitamos verificar d\u00edas y horarios de cursado de los mismos durante el jueves 13 y viernes 14 de febrero en la cartelera del instituto, ya que los mismo comienzan el lunes 17 de febrero.<\/span><\/p>\n<div class=\"ecxWordSection1\">\n<p class=\"ecxMsoNormal\"><span style=\"background: #ccff33; font-size: 10pt;\">Gracias!<\/span><\/p>\n<p class=\"ecxMsoNormal\" style=\"text-align: right;\"><span style=\"font-size: 10pt;\">Jefa de formaci\u00f3n Inicial\u00a0 <\/span><\/p>\n<p class=\"ecxMsoNormal\" style=\"text-align: right;\"><span style=\"font-size: 10pt;\">Victoria A. Carrizo\u00a0 <\/span><\/p>\n<\/div>\n<\/td>\n<\/tr>\n<\/tbody>\n<\/table>\n","protected":false},"excerpt":{"rendered":"<p>&nbsp; Ingresantes a Educaci\u00f3n Primaria que les restan cursar talleres, por no haberse dictado en el a\u00f1o 2013, solicitamos verificar d\u00edas y horarios de cursado de los mismos durante el jueves 13 y viernes 14 de febrero en la cartelera del instituto, ya que los mismo comienzan el lunes 17 de febrero. Gracias! Jefa de &#8230; <a title=\"Ingresantes a Educaci\u00f3n Primaria\" class=\"read-more\" href=\"https:\/\/ens9001-infd.mendoza.edu.ar\/sitio\/ingresantes-a-educacion-primaria\/\" aria-label=\"More on Ingresantes a Educaci\u00f3n Primaria\">[+]<\/a><\/p>\n","protected":false},"author":6607,"featured_media":0,"comment_status":"open","ping_status":"open","sticky":false,"template":"","format":"standard","meta":[],"categories":[8],"tags":[],"acf":[],"_links":{"self":[{"href":"https:\/\/ens9001-infd.mendoza.edu.ar\/sitio\/wp-json\/wp\/v2\/posts\/4100"}],"collection":[{"href":"https:\/\/ens9001-infd.mendoza.edu.ar\/sitio\/wp-json\/wp\/v2\/posts"}],"about":[{"href":"https:\/\/ens9001-infd.mendoza.edu.ar\/sitio\/wp-json\/wp\/v2\/types\/post"}],"author":[{"embeddable":true,"href":"https:\/\/ens9001-infd.mendoza.edu.ar\/sitio\/wp-json\/wp\/v2\/users\/6607"}],"replies":[{"embeddable":true,"href":"https:\/\/ens9001-infd.mendoza.edu.ar\/sitio\/wp-json\/wp\/v2\/comments?post=4100"}],"version-history":[{"count":1,"href":"https:\/\/ens9001-infd.mendoza.edu.ar\/sitio\/wp-json\/wp\/v2\/posts\/4100\/revisions"}],"predecessor-version":[{"id":9486,"href":"https:\/\/ens9001-infd.mendoza.edu.ar\/sitio\/wp-json\/wp\/v2\/posts\/4100\/revisions\/9486"}],"wp:attachment":[{"href":"https:\/\/ens9001-infd.mendoza.edu.ar\/sitio\/wp-json\/wp\/v2\/media?parent=4100"}],"wp:term":[{"taxonomy":"category","embeddable":true,"href":"https:\/\/ens9001-infd.mendoza.edu.ar\/sitio\/wp-json\/wp\/v2\/categories?post=4100"},{"taxonomy":"post_tag","embeddable":true,"href":"https:\/\/ens9001-infd.mendoza.edu.ar\/sitio\/wp-json\/wp\/v2\/tags?post=4100"}],"curies":[{"name":"wp","href":"https:\/\/api.w.org\/{rel}","templated":true}]}}