{"id":3145,"date":"2011-09-14T21:22:00","date_gmt":"2011-09-14T18:22:00","guid":{"rendered":"https:\/\/ens9001-mza.infd.edu.ar\/sitio\/estudiantes-de-geografia\/"},"modified":"2019-09-24T10:45:21","modified_gmt":"2019-09-24T13:45:21","slug":"estudiantes-de-geografia","status":"publish","type":"post","link":"https:\/\/ens9001-infd.mendoza.edu.ar\/sitio\/estudiantes-de-geografia\/","title":{"rendered":"Estudiantes de Geograf\u00eda"},"content":{"rendered":"<p>&nbsp;<\/p>\n<p style=\"text-align: center;\"><a href=\"https:\/\/picasaweb.google.com\/104638810255718924056\/AsadoGeografia#\" target=\"_blank\" rel=\"noopener\"><img decoding=\"async\" src=\"https:\/\/ens9001-infd.mendoza.edu.ar\/sitio\/wp-content\/uploads\/2018\/08\/Pablo.jpg\" border=\"0\" \/><\/a><\/p>\n<table style=\"background-color: #81f794; width: 449px; height: 22px; margin-left: auto; margin-right: auto;\" border=\"0\">\n<tbody>\n<tr>\n<td><span style=\"color: #008000; font-size: 12pt;\">Asado realizado el d\u00eda 10 de Septiembre en el parque Agnesi, bedel y los alumnos de distintos a\u00f1os del profesorado de Geograf\u00eda.<\/span><\/p>\n<p><span style=\"color: #008000; font-size: 12pt;\">Nada mejor para establecer lazos de amistad entre compa\u00f1eros.<\/span><\/p>\n<p><span style=\"color: #008000; font-size: 12pt;\">Felicitaciones!!<\/span><\/p>\n<p><span style=\"color: #008000; font-size: 12pt;\">Pablo Suarez<\/span><\/td>\n<\/tr>\n<\/tbody>\n<\/table>\n<p>&nbsp;<\/p>\n<p style=\"text-align: center;\">\u00a0<a title=\"Fotos estudiantes\" href=\"https:\/\/picasaweb.google.com\/104638810255718924056\/AsadoGeografia#slideshow\/5652324271051063810\" target=\"_blank\" rel=\"noopener\"><img decoding=\"async\" src=\"https:\/\/ens9001-infd.mendoza.edu.ar\/sitio\/wp-content\/uploads\/2018\/08\/mundito.gif\" border=\"0\" \/><\/a><\/p>\n<p style=\"text-align: center;\">Clic para ver fotos<\/p>\n","protected":false},"excerpt":{"rendered":"<p>&nbsp; Asado realizado el d\u00eda 10 de Septiembre en el parque Agnesi, bedel y los alumnos de distintos a\u00f1os del profesorado de Geograf\u00eda. Nada mejor para establecer lazos de amistad entre compa\u00f1eros. Felicitaciones!! Pablo Suarez &nbsp; \u00a0 Clic para ver fotos<\/p>\n","protected":false},"author":6607,"featured_media":0,"comment_status":"open","ping_status":"open","sticky":false,"template":"","format":"standard","meta":[],"categories":[1],"tags":[],"acf":[],"_links":{"self":[{"href":"https:\/\/ens9001-infd.mendoza.edu.ar\/sitio\/wp-json\/wp\/v2\/posts\/3145"}],"collection":[{"href":"https:\/\/ens9001-infd.mendoza.edu.ar\/sitio\/wp-json\/wp\/v2\/posts"}],"about":[{"href":"https:\/\/ens9001-infd.mendoza.edu.ar\/sitio\/wp-json\/wp\/v2\/types\/post"}],"author":[{"embeddable":true,"href":"https:\/\/ens9001-infd.mendoza.edu.ar\/sitio\/wp-json\/wp\/v2\/users\/6607"}],"replies":[{"embeddable":true,"href":"https:\/\/ens9001-infd.mendoza.edu.ar\/sitio\/wp-json\/wp\/v2\/comments?post=3145"}],"version-history":[{"count":1,"href":"https:\/\/ens9001-infd.mendoza.edu.ar\/sitio\/wp-json\/wp\/v2\/posts\/3145\/revisions"}],"predecessor-version":[{"id":9124,"href":"https:\/\/ens9001-infd.mendoza.edu.ar\/sitio\/wp-json\/wp\/v2\/posts\/3145\/revisions\/9124"}],"wp:attachment":[{"href":"https:\/\/ens9001-infd.mendoza.edu.ar\/sitio\/wp-json\/wp\/v2\/media?parent=3145"}],"wp:term":[{"taxonomy":"category","embeddable":true,"href":"https:\/\/ens9001-infd.mendoza.edu.ar\/sitio\/wp-json\/wp\/v2\/categories?post=3145"},{"taxonomy":"post_tag","embeddable":true,"href":"https:\/\/ens9001-infd.mendoza.edu.ar\/sitio\/wp-json\/wp\/v2\/tags?post=3145"}],"curies":[{"name":"wp","href":"https:\/\/api.w.org\/{rel}","templated":true}]}}